{"id":78917,"date":"2021-10-08T14:19:34","date_gmt":"2021-10-08T11:19:34","guid":{"rendered":"https:\/\/eu4moldova.eu\/?p=78917"},"modified":"2022-02-01T01:53:50","modified_gmt":"2022-01-31T23:53:50","slug":"one-year-of-europe-cafe","status":"publish","type":"post","link":"https:\/\/eu4moldova.eu\/en\/one-year-of-europe-cafe\/","title":{"rendered":"One year of Europe Caf\u00e9"},"content":{"rendered":"\n<p>One year of Europe Caf\u00e9, one year of meetings and discussions, events and people, a year since we have been together. At Europe Caf\u00e9 you can find out more about the opportunities offered by the European Union, the relations between the EU and the Republic of Moldova, about the traditions and culture of its member states.<br><br>Stay close and get connected to our initiatives. We will continue to offer you the most interesting information and activities.&nbsp;<\/p>\n","protected":false},"excerpt":{"rendered":"<p>One year of Europe Caf\u00e9, one year of meetings and discussions, events and people, a year since we have been together. At Europe Caf\u00e9 you can find out more about the opportunities offered by the European Union, the relations between the EU and the Republic of Moldova, about the traditions and culture of its member [&hellip;]<\/p>\n","protected":false},"author":35,"featured_media":78906,"comment_status":"closed","ping_status":"closed","sticky":false,"template":"","format":"standard","meta":{"_acf_changed":false,"footnotes":""},"categories":[5],"tags":[],"topics":[],"class_list":["post-78917","post","type-post","status-publish","format-standard","has-post-thumbnail","hentry","category-news"],"acf":{"event_start_date":null,"event_end_date":null},"yoast_head":"<!-- This site is optimized with the Yoast SEO plugin v27.4 - https:\/\/yoast.com\/product\/yoast-seo-wordpress\/ -->\n<title>One year of Europe Caf\u00e9 - EU for Moldova<\/title>\n<meta name=\"robots\" content=\"index, follow, max-snippet:-1, max-image-preview:large, max-video-preview:-1\" \/>\n<link rel=\"canonical\" href=\"https:\/\/eu4moldova.eu\/one-year-of-europe-cafe\/\" \/>\n<meta property=\"og:locale\" content=\"en_US\" \/>\n<meta property=\"og:type\" content=\"article\" \/>\n<meta property=\"og:title\" content=\"One year of Europe Caf\u00e9 - EU for Moldova\" \/>\n<meta property=\"og:description\" content=\"One year of Europe Caf\u00e9, one year of meetings and discussions, events and people, a year since we have been together. At Europe Caf\u00e9 you can find out more about the opportunities offered by the European Union, the relations between the EU and the Republic of Moldova, about the traditions and culture of its member [&hellip;]\" \/>\n<meta property=\"og:url\" content=\"https:\/\/eu4moldova.eu\/one-year-of-europe-cafe\/\" \/>\n<meta property=\"og:site_name\" content=\"EU for Moldova\" \/>\n<meta property=\"article:publisher\" content=\"https:\/\/www.facebook.com\/EUDelegationMoldova\/\" \/>\n<meta property=\"article:published_time\" content=\"2021-10-08T11:19:34+00:00\" \/>\n<meta property=\"article:modified_time\" content=\"2022-01-31T23:53:50+00:00\" \/>\n<meta property=\"og:image\" content=\"https:\/\/eu4moldova.eu\/wp-content\/uploads\/eu_cafe_social_16_9_En.png\" \/>\n\t<meta property=\"og:image:width\" content=\"4406\" \/>\n\t<meta property=\"og:image:height\" content=\"2522\" \/>\n\t<meta property=\"og:image:type\" content=\"image\/png\" \/>\n<meta name=\"author\" content=\"Antonela Baractari\" \/>\n<meta name=\"twitter:card\" content=\"summary_large_image\" \/>\n<meta name=\"twitter:creator\" content=\"@euinmoldova\" \/>\n<meta name=\"twitter:site\" content=\"@euinmoldova\" \/>\n<meta name=\"twitter:label1\" content=\"Written by\" \/>\n\t<meta name=\"twitter:data1\" content=\"Antonela Baractari\" \/>\n\t<meta name=\"twitter:label2\" content=\"Est. reading time\" \/>\n\t<meta name=\"twitter:data2\" content=\"1 minute\" \/>\n<script type=\"application\/ld+json\" class=\"yoast-schema-graph\">{\"@context\":\"https:\\\/\\\/schema.org\",\"@graph\":[{\"@type\":\"Article\",\"@id\":\"https:\\\/\\\/eu4moldova.eu\\\/one-year-of-europe-cafe\\\/#article\",\"isPartOf\":{\"@id\":\"https:\\\/\\\/eu4moldova.eu\\\/one-year-of-europe-cafe\\\/\"},\"author\":{\"name\":\"Antonela Baractari\",\"@id\":\"https:\\\/\\\/eu4moldova.eu\\\/#\\\/schema\\\/person\\\/ade3180828b9a93748c9d037269b2a3d\"},\"headline\":\"One year of Europe Caf\u00e9\",\"datePublished\":\"2021-10-08T11:19:34+00:00\",\"dateModified\":\"2022-01-31T23:53:50+00:00\",\"mainEntityOfPage\":{\"@id\":\"https:\\\/\\\/eu4moldova.eu\\\/one-year-of-europe-cafe\\\/\"},\"wordCount\":82,\"publisher\":{\"@id\":\"https:\\\/\\\/eu4moldova.eu\\\/#organization\"},\"image\":{\"@id\":\"https:\\\/\\\/eu4moldova.eu\\\/one-year-of-europe-cafe\\\/#primaryimage\"},\"thumbnailUrl\":\"https:\\\/\\\/eu4moldova.eu\\\/wp-content\\\/uploads\\\/eu_cafe_social_16_9_En.png\",\"articleSection\":[\"News\"],\"inLanguage\":\"en-US\"},{\"@type\":\"WebPage\",\"@id\":\"https:\\\/\\\/eu4moldova.eu\\\/one-year-of-europe-cafe\\\/\",\"url\":\"https:\\\/\\\/eu4moldova.eu\\\/one-year-of-europe-cafe\\\/\",\"name\":\"One year of Europe Caf\u00e9 - EU for Moldova\",\"isPartOf\":{\"@id\":\"https:\\\/\\\/eu4moldova.eu\\\/#website\"},\"primaryImageOfPage\":{\"@id\":\"https:\\\/\\\/eu4moldova.eu\\\/one-year-of-europe-cafe\\\/#primaryimage\"},\"image\":{\"@id\":\"https:\\\/\\\/eu4moldova.eu\\\/one-year-of-europe-cafe\\\/#primaryimage\"},\"thumbnailUrl\":\"https:\\\/\\\/eu4moldova.eu\\\/wp-content\\\/uploads\\\/eu_cafe_social_16_9_En.png\",\"datePublished\":\"2021-10-08T11:19:34+00:00\",\"dateModified\":\"2022-01-31T23:53:50+00:00\",\"breadcrumb\":{\"@id\":\"https:\\\/\\\/eu4moldova.eu\\\/one-year-of-europe-cafe\\\/#breadcrumb\"},\"inLanguage\":\"en-US\",\"potentialAction\":[{\"@type\":\"ReadAction\",\"target\":[\"https:\\\/\\\/eu4moldova.eu\\\/one-year-of-europe-cafe\\\/\"]}]},{\"@type\":\"ImageObject\",\"inLanguage\":\"en-US\",\"@id\":\"https:\\\/\\\/eu4moldova.eu\\\/one-year-of-europe-cafe\\\/#primaryimage\",\"url\":\"https:\\\/\\\/eu4moldova.eu\\\/wp-content\\\/uploads\\\/eu_cafe_social_16_9_En.png\",\"contentUrl\":\"https:\\\/\\\/eu4moldova.eu\\\/wp-content\\\/uploads\\\/eu_cafe_social_16_9_En.png\",\"width\":4406,\"height\":2522},{\"@type\":\"BreadcrumbList\",\"@id\":\"https:\\\/\\\/eu4moldova.eu\\\/one-year-of-europe-cafe\\\/#breadcrumb\",\"itemListElement\":[{\"@type\":\"ListItem\",\"position\":1,\"name\":\"Home\",\"item\":\"https:\\\/\\\/eu4moldova.eu\\\/en\\\/\"},{\"@type\":\"ListItem\",\"position\":2,\"name\":\"One year of Europe Caf\u00e9\"}]},{\"@type\":\"WebSite\",\"@id\":\"https:\\\/\\\/eu4moldova.eu\\\/#website\",\"url\":\"https:\\\/\\\/eu4moldova.eu\\\/\",\"name\":\"EU for Moldova\",\"description\":\"European Union for the Republic of Moldova\",\"publisher\":{\"@id\":\"https:\\\/\\\/eu4moldova.eu\\\/#organization\"},\"potentialAction\":[{\"@type\":\"SearchAction\",\"target\":{\"@type\":\"EntryPoint\",\"urlTemplate\":\"https:\\\/\\\/eu4moldova.eu\\\/?s={search_term_string}\"},\"query-input\":{\"@type\":\"PropertyValueSpecification\",\"valueRequired\":true,\"valueName\":\"search_term_string\"}}],\"inLanguage\":\"en-US\"},{\"@type\":\"Organization\",\"@id\":\"https:\\\/\\\/eu4moldova.eu\\\/#organization\",\"name\":\"European Union in the Republic of Moldova\",\"url\":\"https:\\\/\\\/eu4moldova.eu\\\/\",\"logo\":{\"@type\":\"ImageObject\",\"inLanguage\":\"en-US\",\"@id\":\"https:\\\/\\\/eu4moldova.eu\\\/#\\\/schema\\\/logo\\\/image\\\/\",\"url\":\"https:\\\/\\\/eu4moldova.eu\\\/wp-content\\\/uploads\\\/eu-moldova-logo-1.png\",\"contentUrl\":\"https:\\\/\\\/eu4moldova.eu\\\/wp-content\\\/uploads\\\/eu-moldova-logo-1.png\",\"width\":5057,\"height\":870,\"caption\":\"European Union in the Republic of Moldova\"},\"image\":{\"@id\":\"https:\\\/\\\/eu4moldova.eu\\\/#\\\/schema\\\/logo\\\/image\\\/\"},\"sameAs\":[\"https:\\\/\\\/www.facebook.com\\\/EUDelegationMoldova\\\/\",\"https:\\\/\\\/x.com\\\/euinmoldova\",\"https:\\\/\\\/www.instagram.com\\\/euinmoldova\",\"https:\\\/\\\/www.youtube.com\\\/c\\\/EUDelegationMoldova\"]},{\"@type\":\"Person\",\"@id\":\"https:\\\/\\\/eu4moldova.eu\\\/#\\\/schema\\\/person\\\/ade3180828b9a93748c9d037269b2a3d\",\"name\":\"Antonela Baractari\",\"image\":{\"@type\":\"ImageObject\",\"inLanguage\":\"en-US\",\"@id\":\"https:\\\/\\\/secure.gravatar.com\\\/avatar\\\/b06066804dda2e0ae16f7f7e572eef4d40d878043fff8cd8ba76d883217c3b17?s=96&d=mm&r=g\",\"url\":\"https:\\\/\\\/secure.gravatar.com\\\/avatar\\\/b06066804dda2e0ae16f7f7e572eef4d40d878043fff8cd8ba76d883217c3b17?s=96&d=mm&r=g\",\"contentUrl\":\"https:\\\/\\\/secure.gravatar.com\\\/avatar\\\/b06066804dda2e0ae16f7f7e572eef4d40d878043fff8cd8ba76d883217c3b17?s=96&d=mm&r=g\",\"caption\":\"Antonela Baractari\"},\"url\":\"https:\\\/\\\/eu4moldova.eu\\\/en\\\/author\\\/antonela-baractarieu4moldova-eu\\\/\"}]}<\/script>\n<!-- \/ Yoast SEO plugin. -->","yoast_head_json":{"title":"One year of Europe Caf\u00e9 - EU for Moldova","robots":{"index":"index","follow":"follow","max-snippet":"max-snippet:-1","max-image-preview":"max-image-preview:large","max-video-preview":"max-video-preview:-1"},"canonical":"https:\/\/eu4moldova.eu\/one-year-of-europe-cafe\/","og_locale":"en_US","og_type":"article","og_title":"One year of Europe Caf\u00e9 - EU for Moldova","og_description":"One year of Europe Caf\u00e9, one year of meetings and discussions, events and people, a year since we have been together. At Europe Caf\u00e9 you can find out more about the opportunities offered by the European Union, the relations between the EU and the Republic of Moldova, about the traditions and culture of its member [&hellip;]","og_url":"https:\/\/eu4moldova.eu\/one-year-of-europe-cafe\/","og_site_name":"EU for Moldova","article_publisher":"https:\/\/www.facebook.com\/EUDelegationMoldova\/","article_published_time":"2021-10-08T11:19:34+00:00","article_modified_time":"2022-01-31T23:53:50+00:00","og_image":[{"width":4406,"height":2522,"url":"https:\/\/eu4moldova.eu\/wp-content\/uploads\/eu_cafe_social_16_9_En.png","type":"image\/png"}],"author":"Antonela Baractari","twitter_card":"summary_large_image","twitter_creator":"@euinmoldova","twitter_site":"@euinmoldova","twitter_misc":{"Written by":"Antonela Baractari","Est. reading time":"1 minute"},"schema":{"@context":"https:\/\/schema.org","@graph":[{"@type":"Article","@id":"https:\/\/eu4moldova.eu\/one-year-of-europe-cafe\/#article","isPartOf":{"@id":"https:\/\/eu4moldova.eu\/one-year-of-europe-cafe\/"},"author":{"name":"Antonela Baractari","@id":"https:\/\/eu4moldova.eu\/#\/schema\/person\/ade3180828b9a93748c9d037269b2a3d"},"headline":"One year of Europe Caf\u00e9","datePublished":"2021-10-08T11:19:34+00:00","dateModified":"2022-01-31T23:53:50+00:00","mainEntityOfPage":{"@id":"https:\/\/eu4moldova.eu\/one-year-of-europe-cafe\/"},"wordCount":82,"publisher":{"@id":"https:\/\/eu4moldova.eu\/#organization"},"image":{"@id":"https:\/\/eu4moldova.eu\/one-year-of-europe-cafe\/#primaryimage"},"thumbnailUrl":"https:\/\/eu4moldova.eu\/wp-content\/uploads\/eu_cafe_social_16_9_En.png","articleSection":["News"],"inLanguage":"en-US"},{"@type":"WebPage","@id":"https:\/\/eu4moldova.eu\/one-year-of-europe-cafe\/","url":"https:\/\/eu4moldova.eu\/one-year-of-europe-cafe\/","name":"One year of Europe Caf\u00e9 - EU for Moldova","isPartOf":{"@id":"https:\/\/eu4moldova.eu\/#website"},"primaryImageOfPage":{"@id":"https:\/\/eu4moldova.eu\/one-year-of-europe-cafe\/#primaryimage"},"image":{"@id":"https:\/\/eu4moldova.eu\/one-year-of-europe-cafe\/#primaryimage"},"thumbnailUrl":"https:\/\/eu4moldova.eu\/wp-content\/uploads\/eu_cafe_social_16_9_En.png","datePublished":"2021-10-08T11:19:34+00:00","dateModified":"2022-01-31T23:53:50+00:00","breadcrumb":{"@id":"https:\/\/eu4moldova.eu\/one-year-of-europe-cafe\/#breadcrumb"},"inLanguage":"en-US","potentialAction":[{"@type":"ReadAction","target":["https:\/\/eu4moldova.eu\/one-year-of-europe-cafe\/"]}]},{"@type":"ImageObject","inLanguage":"en-US","@id":"https:\/\/eu4moldova.eu\/one-year-of-europe-cafe\/#primaryimage","url":"https:\/\/eu4moldova.eu\/wp-content\/uploads\/eu_cafe_social_16_9_En.png","contentUrl":"https:\/\/eu4moldova.eu\/wp-content\/uploads\/eu_cafe_social_16_9_En.png","width":4406,"height":2522},{"@type":"BreadcrumbList","@id":"https:\/\/eu4moldova.eu\/one-year-of-europe-cafe\/#breadcrumb","itemListElement":[{"@type":"ListItem","position":1,"name":"Home","item":"https:\/\/eu4moldova.eu\/en\/"},{"@type":"ListItem","position":2,"name":"One year of Europe Caf\u00e9"}]},{"@type":"WebSite","@id":"https:\/\/eu4moldova.eu\/#website","url":"https:\/\/eu4moldova.eu\/","name":"EU for Moldova","description":"European Union for the Republic of Moldova","publisher":{"@id":"https:\/\/eu4moldova.eu\/#organization"},"potentialAction":[{"@type":"SearchAction","target":{"@type":"EntryPoint","urlTemplate":"https:\/\/eu4moldova.eu\/?s={search_term_string}"},"query-input":{"@type":"PropertyValueSpecification","valueRequired":true,"valueName":"search_term_string"}}],"inLanguage":"en-US"},{"@type":"Organization","@id":"https:\/\/eu4moldova.eu\/#organization","name":"European Union in the Republic of Moldova","url":"https:\/\/eu4moldova.eu\/","logo":{"@type":"ImageObject","inLanguage":"en-US","@id":"https:\/\/eu4moldova.eu\/#\/schema\/logo\/image\/","url":"https:\/\/eu4moldova.eu\/wp-content\/uploads\/eu-moldova-logo-1.png","contentUrl":"https:\/\/eu4moldova.eu\/wp-content\/uploads\/eu-moldova-logo-1.png","width":5057,"height":870,"caption":"European Union in the Republic of Moldova"},"image":{"@id":"https:\/\/eu4moldova.eu\/#\/schema\/logo\/image\/"},"sameAs":["https:\/\/www.facebook.com\/EUDelegationMoldova\/","https:\/\/x.com\/euinmoldova","https:\/\/www.instagram.com\/euinmoldova","https:\/\/www.youtube.com\/c\/EUDelegationMoldova"]},{"@type":"Person","@id":"https:\/\/eu4moldova.eu\/#\/schema\/person\/ade3180828b9a93748c9d037269b2a3d","name":"Antonela Baractari","image":{"@type":"ImageObject","inLanguage":"en-US","@id":"https:\/\/secure.gravatar.com\/avatar\/b06066804dda2e0ae16f7f7e572eef4d40d878043fff8cd8ba76d883217c3b17?s=96&d=mm&r=g","url":"https:\/\/secure.gravatar.com\/avatar\/b06066804dda2e0ae16f7f7e572eef4d40d878043fff8cd8ba76d883217c3b17?s=96&d=mm&r=g","contentUrl":"https:\/\/secure.gravatar.com\/avatar\/b06066804dda2e0ae16f7f7e572eef4d40d878043fff8cd8ba76d883217c3b17?s=96&d=mm&r=g","caption":"Antonela Baractari"},"url":"https:\/\/eu4moldova.eu\/en\/author\/antonela-baractarieu4moldova-eu\/"}]}},"_links":{"self":[{"href":"https:\/\/eu4moldova.eu\/en\/wp-json\/wp\/v2\/posts\/78917","targetHints":{"allow":["GET"]}}],"collection":[{"href":"https:\/\/eu4moldova.eu\/en\/wp-json\/wp\/v2\/posts"}],"about":[{"href":"https:\/\/eu4moldova.eu\/en\/wp-json\/wp\/v2\/types\/post"}],"author":[{"embeddable":true,"href":"https:\/\/eu4moldova.eu\/en\/wp-json\/wp\/v2\/users\/35"}],"replies":[{"embeddable":true,"href":"https:\/\/eu4moldova.eu\/en\/wp-json\/wp\/v2\/comments?post=78917"}],"version-history":[{"count":1,"href":"https:\/\/eu4moldova.eu\/en\/wp-json\/wp\/v2\/posts\/78917\/revisions"}],"predecessor-version":[{"id":78918,"href":"https:\/\/eu4moldova.eu\/en\/wp-json\/wp\/v2\/posts\/78917\/revisions\/78918"}],"wp:featuredmedia":[{"embeddable":true,"href":"https:\/\/eu4moldova.eu\/en\/wp-json\/wp\/v2\/media\/78906"}],"wp:attachment":[{"href":"https:\/\/eu4moldova.eu\/en\/wp-json\/wp\/v2\/media?parent=78917"}],"wp:term":[{"taxonomy":"category","embeddable":true,"href":"https:\/\/eu4moldova.eu\/en\/wp-json\/wp\/v2\/categories?post=78917"},{"taxonomy":"post_tag","embeddable":true,"href":"https:\/\/eu4moldova.eu\/en\/wp-json\/wp\/v2\/tags?post=78917"},{"taxonomy":"topics","embeddable":true,"href":"https:\/\/eu4moldova.eu\/en\/wp-json\/wp\/v2\/topics?post=78917"}],"curies":[{"name":"wp","href":"https:\/\/api.w.org\/{rel}","templated":true}]}}