{"id":80995,"date":"2021-12-10T14:01:26","date_gmt":"2021-12-10T12:01:26","guid":{"rendered":"https:\/\/eu4moldova.eu\/primul-centru-de-excelenta-in-eficienta-energetica-a-fost-inaugurat-in-satul-festelita-cu-suportul-uniunii-europene\/"},"modified":"2022-02-01T01:53:43","modified_gmt":"2022-01-31T23:53:43","slug":"primul-centru-de-excelenta-in-eficienta-energetica-a-fost-inaugurat-in-satul-festelita-cu-suportul-uniunii-europene","status":"publish","type":"post","link":"https:\/\/eu4moldova.eu\/en\/primul-centru-de-excelenta-in-eficienta-energetica-a-fost-inaugurat-in-satul-festelita-cu-suportul-uniunii-europene\/","title":{"rendered":"The first Centre of Excellence in energy efficiency was inaugurated in Fe\u0219teli\u021ba with the support of the European Union"},"content":{"rendered":"\n<p>The inauguration event of the Centre of Excellence in Energy Efficiency within the project \u201cCreating the centre of excellence in energy efficiency by piloting new technologies for demonstrating renewable energy sources in the village of Fe\u0219teli\u021ba\u201d took place on 13 October 2021 in the context of European Climate Diplomacy Week and European Sustainable Energy Week 2021. Fe\u0219teli\u021ba, located in \u0218tefan Vod\u0103 district, has become the first energy intelligent locality in the Republic of Moldova, with the support of the European Union. Thus, the community benefits of an additional source of income for the local people.<\/p>\n\n\n\n<figure class=\"wp-block-image size-full\"><img loading=\"lazy\" decoding=\"async\" width=\"743\" height=\"557\" src=\"https:\/\/eu4moldova.eu\/wp-content\/uploads\/image117-2.jpg\" alt=\"\" class=\"wp-image-80976\" srcset=\"https:\/\/eu4moldova.eu\/wp-content\/uploads\/image117-2.jpg 743w, https:\/\/eu4moldova.eu\/wp-content\/uploads\/image117-2-300x225.jpg 300w, https:\/\/eu4moldova.eu\/wp-content\/uploads\/image117-2-100x75.jpg 100w\" sizes=\"(max-width: 743px) 100vw, 743px\" \/><\/figure>\n\n\n\n<p>The Centre of Excellence in Energy Efficiency in the locality of Fe\u0219teli\u021ba, created with the financial support of the European Union, is the only one in the Republic of Moldova. The centre consists of 10 types of demonstration sub-projects in the field of energy efficiency and renewable energy: smart street lighting, photovoltaic park, on-grid panels, biomass-based boiler rooms, solar collectors. Such type of flagship project contributes to building a secure energy future and similar achievements are part of the top agenda of the EU Sustainable Energy Week (EUSEW), which take place annually all over Europe. Moreover, current year activities of EUSEW take place under the theme \u2018Towards 2030: Reshaping the European Energy System\u2019.<\/p>\n\n\n\n<figure class=\"wp-block-image size-full\"><img loading=\"lazy\" decoding=\"async\" width=\"657\" height=\"438\" src=\"https:\/\/eu4moldova.eu\/wp-content\/uploads\/image116-2.jpg\" alt=\"\" class=\"wp-image-80979\" srcset=\"https:\/\/eu4moldova.eu\/wp-content\/uploads\/image116-2.jpg 657w, https:\/\/eu4moldova.eu\/wp-content\/uploads\/image116-2-300x200.jpg 300w, https:\/\/eu4moldova.eu\/wp-content\/uploads\/image116-2-100x67.jpg 100w\" sizes=\"(max-width: 657px) 100vw, 657px\" \/><\/figure>\n\n\n\n<p>\u201c<em>The creation of the Centre for Excellence on Energy Efficiency in Festelita village, with the support of the European Union, is an outstanding example of combining energy efficiency and green renewable energy locally produced. This integrated approach showcases the benefits of engaging with a green transition, which will ensure better quality of life for the citizens, more resources available for the local budget and at the same time will help addressing climate change and energy security. This initiative is also attracting further investments from international partners, such as Nordic Environment Finance Corporation or Global Environment Facility. We are glad to see that the support of the European Union created the opportunity for such a successful initiative,<\/em>\u201d said J\u0101nis Ma\u017eeiks, Ambassador of the European Union to the Republic of Moldova.<\/p>\n\n\n\n<p>The centre represents, at the country level, a model for exchange of good practices in this field. Thus, with the financial support of the European Union, Fe\u0219teli\u021ba became the first smart energy village in the country, with 4 buildings of local public institutions corresponding to the nZEB label (buildings with almost zero energy consumption), and Fe\u0219teli\u021ba mayoralty &#8211; the first local public authority which manages a photovoltaic park. All of the 3,000 locals in Fe\u0219teli\u021ba enjoy better conditions for living, education and work.<\/p>\n\n\n\n<figure class=\"wp-block-image size-full\"><img loading=\"lazy\" decoding=\"async\" width=\"889\" height=\"593\" src=\"https:\/\/eu4moldova.eu\/wp-content\/uploads\/image118-2.jpg\" alt=\"\" class=\"wp-image-80982\" srcset=\"https:\/\/eu4moldova.eu\/wp-content\/uploads\/image118-2.jpg 889w, https:\/\/eu4moldova.eu\/wp-content\/uploads\/image118-2-300x200.jpg 300w, https:\/\/eu4moldova.eu\/wp-content\/uploads\/image118-2-768x512.jpg 768w, https:\/\/eu4moldova.eu\/wp-content\/uploads\/image118-2-100x67.jpg 100w\" sizes=\"(max-width: 889px) 100vw, 889px\" \/><\/figure>\n\n\n\n<p>The community annually produces electricity of about 384 MWh \/ year and records energy savings of about 647h MW \/ year and over 1,000,000 lei, as profit in the local budget. Thanks to the European Union, the village of Fe\u015fteli\u0163a obtains an additional source of income from which the local population of Fe\u015fteli\u021ba benefits.<\/p>\n\n\n\n<p>The mayor of Fe\u015fteli\u0163a, Nicolae Tudoreanu, mentioned: \u201c<em>Excellence in Energy Efficiency &#8211; this is what we wanted to achieve in Fe\u015fteli\u0163a and to prove that it can be possible in the villages of the Republic of Moldova. Together with the community, we overcame the existing stereotypes and with the financial support of the European Union, Fe\u015fteli\u0163a village switched to eco energy. At first glance, it seemed a difficult goal to achieve, but not for us<\/em>.\u201d<\/p>\n\n\n\n<figure class=\"wp-block-image size-large\"><img loading=\"lazy\" decoding=\"async\" width=\"1024\" height=\"682\" src=\"https:\/\/eu4moldova.eu\/wp-content\/uploads\/image120-2-1024x682.jpg\" alt=\"\" class=\"wp-image-80985\" srcset=\"https:\/\/eu4moldova.eu\/wp-content\/uploads\/image120-2-1024x682.jpg 1024w, https:\/\/eu4moldova.eu\/wp-content\/uploads\/image120-2-300x200.jpg 300w, https:\/\/eu4moldova.eu\/wp-content\/uploads\/image120-2-768x512.jpg 768w, https:\/\/eu4moldova.eu\/wp-content\/uploads\/image120-2-100x67.jpg 100w, https:\/\/eu4moldova.eu\/wp-content\/uploads\/image120-2.jpg 1481w\" sizes=\"(max-width: 1024px) 100vw, 1024px\" \/><\/figure>\n\n\n\n<p>The guests and participants at the inauguration event visited various types of state-of-the-art energy efficiency infrastructure implemented in Fe\u015fteli\u0163a, namely within the premises of the mayor\u2019s office, kindergarten, gymnasium and the local centre of culture, benefiting the population of the village.<\/p>\n\n\n\n<p>The Centre of Excellence from the village of Fe\u0219teli\u021ba, in \u0218tefan Vod\u0103 district, was created within the project \u201cCreation of the centre of excellence by piloting new technologies demonstrating energy efficiency and renewable energy sources in the village of Fe\u0219teli\u021ba.\u201d The project is implemented by Fe\u015fteli\u0163a mayoralty, in partnership with the Public Association \u2018Social Innovation Fund of Moldova\u2019, with the financial support of the European Union, within the Programme &#8220;Covenant of Mayors &#8211; Demonstration Projects.\u201d<\/p>\n\n\n\n<figure class=\"wp-block-image size-large\"><img loading=\"lazy\" decoding=\"async\" width=\"1024\" height=\"412\" src=\"https:\/\/eu4moldova.eu\/wp-content\/uploads\/image121-2-1024x412.jpg\" alt=\"\" class=\"wp-image-80988\" srcset=\"https:\/\/eu4moldova.eu\/wp-content\/uploads\/image121-2-1024x412.jpg 1024w, https:\/\/eu4moldova.eu\/wp-content\/uploads\/image121-2-300x121.jpg 300w, https:\/\/eu4moldova.eu\/wp-content\/uploads\/image121-2-768x309.jpg 768w, https:\/\/eu4moldova.eu\/wp-content\/uploads\/image121-2-100x40.jpg 100w, https:\/\/eu4moldova.eu\/wp-content\/uploads\/image121-2.jpg 1429w\" sizes=\"(max-width: 1024px) 100vw, 1024px\" \/><\/figure>\n\n\n\n<p><strong>The inauguration event is available on the YouTube channel of the Delegation of the European Union: <\/strong><a href=\"https:\/\/youtu.be\/5Mb5mSN4IKU\"><strong>https:\/\/youtu.be\/5Mb5mSN4IKU<\/strong><\/a><strong><\/strong><\/p>\n\n\n\n<p><strong>Background information<\/strong><\/p>\n\n\n\n<p><em>About the Centre of Excellence in Festeli\u021ba, r. \u0218tefan Vod\u0103<\/em><\/p>\n\n\n\n<p>The total cost of the project is 800,000 EUR, of which 500,000 EUR was a grant offered by the European Union, and 300,000 EUR was the national and local contribution through the Energy Efficiency Agency, \u015etefan Vod\u0103 District Council, Fe\u015fteli\u0163a Local Public Administration and people in the Fe\u0219teli\u021ba village. These investments contribute to the reduction of CO<sub>2<\/sub> emissions, by 465 tons \/ year, which is 52% less compared to 2011. This official commitment made to the Convention of Mayors for Climate and Energy, signed in 2013, was honoured by the village Fe\u015fteli\u0163a.<\/p>\n\n\n\n<p><em>About the EU Sustainable Energy Week 2021<\/em><\/p>\n\n\n\n<p>The EU Sustainable Energy Week (EUSEW) \u2013 the biggest event dedicated to renewables and efficient energy use in Europe \u2013 is back for its 16th edition. Organized by the European Commission, EUSEW 2021 will take place on 25-29 October 2021 under the theme: \u2018<strong>Towards 2030: Reshaping the European Energy System<\/strong>\u2019. On EUSEW occasion, various communities host events to foster dialogue and cooperation on climate change, showcase success stories and inspire further action.<\/p>\n\n\n\n<p>For more information, please access: <a href=\"http:\/\/www.eusew.eu\">www.eusew.eu<\/a><\/p>\n","protected":false},"excerpt":{"rendered":"<p>The inauguration event of the Centre of Excellence in Energy Efficiency within the project \u201cCreating the centre of excellence in energy efficiency by piloting new technologies for demonstrating renewable energy sources in the village of Fe\u0219teli\u021ba\u201d took place on 13 October 2021 in the context of European Climate Diplomacy Week and European Sustainable Energy Week [&hellip;]<\/p>\n","protected":false},"author":35,"featured_media":80992,"comment_status":"closed","ping_status":"closed","sticky":false,"template":"","format":"standard","meta":{"_acf_changed":false,"footnotes":""},"categories":[5],"tags":[],"topics":[],"class_list":["post-80995","post","type-post","status-publish","format-standard","has-post-thumbnail","hentry","category-news"],"acf":{"event_start_date":null,"event_end_date":null},"yoast_head":"<!-- This site is optimized with the Yoast SEO plugin v27.4 - https:\/\/yoast.com\/product\/yoast-seo-wordpress\/ -->\n<title>The first Centre of Excellence in energy efficiency was inaugurated in Fe\u0219teli\u021ba with the support of the European Union - EU for Moldova<\/title>\n<meta name=\"robots\" content=\"index, follow, max-snippet:-1, max-image-preview:large, max-video-preview:-1\" \/>\n<link rel=\"canonical\" href=\"https:\/\/eu4moldova.eu\/primul-centru-de-excelenta-in-eficienta-energetica-a-fost-inaugurat-in-satul-festelita-cu-suportul-uniunii-europene\/\" \/>\n<meta property=\"og:locale\" content=\"en_US\" \/>\n<meta property=\"og:type\" content=\"article\" \/>\n<meta property=\"og:title\" content=\"The first Centre of Excellence in energy efficiency was inaugurated in Fe\u0219teli\u021ba with the support of the European Union - EU for Moldova\" \/>\n<meta property=\"og:description\" content=\"The inauguration event of the Centre of Excellence in Energy Efficiency within the project \u201cCreating the centre of excellence in energy efficiency by piloting new technologies for demonstrating renewable energy sources in the village of Fe\u0219teli\u021ba\u201d took place on 13 October 2021 in the context of European Climate Diplomacy Week and European Sustainable Energy Week [&hellip;]\" \/>\n<meta property=\"og:url\" content=\"https:\/\/eu4moldova.eu\/primul-centru-de-excelenta-in-eficienta-energetica-a-fost-inaugurat-in-satul-festelita-cu-suportul-uniunii-europene\/\" \/>\n<meta property=\"og:site_name\" content=\"EU for Moldova\" \/>\n<meta property=\"article:publisher\" content=\"https:\/\/www.facebook.com\/EUDelegationMoldova\/\" \/>\n<meta property=\"article:published_time\" content=\"2021-12-10T12:01:26+00:00\" \/>\n<meta property=\"article:modified_time\" content=\"2022-01-31T23:53:43+00:00\" \/>\n<meta property=\"og:image\" content=\"https:\/\/eu4moldova.eu\/wp-content\/uploads\/image119-2.jpg\" \/>\n\t<meta property=\"og:image:width\" content=\"1429\" \/>\n\t<meta property=\"og:image:height\" content=\"1073\" \/>\n\t<meta property=\"og:image:type\" content=\"image\/jpeg\" \/>\n<meta name=\"author\" content=\"Antonela Baractari\" \/>\n<meta name=\"twitter:card\" content=\"summary_large_image\" \/>\n<meta name=\"twitter:creator\" content=\"@euinmoldova\" \/>\n<meta name=\"twitter:site\" content=\"@euinmoldova\" \/>\n<meta name=\"twitter:label1\" content=\"Written by\" \/>\n\t<meta name=\"twitter:data1\" content=\"Antonela Baractari\" \/>\n\t<meta name=\"twitter:label2\" content=\"Est. reading time\" \/>\n\t<meta name=\"twitter:data2\" content=\"5 minutes\" \/>\n<script type=\"application\/ld+json\" class=\"yoast-schema-graph\">{\"@context\":\"https:\\\/\\\/schema.org\",\"@graph\":[{\"@type\":\"Article\",\"@id\":\"https:\\\/\\\/eu4moldova.eu\\\/primul-centru-de-excelenta-in-eficienta-energetica-a-fost-inaugurat-in-satul-festelita-cu-suportul-uniunii-europene\\\/#article\",\"isPartOf\":{\"@id\":\"https:\\\/\\\/eu4moldova.eu\\\/primul-centru-de-excelenta-in-eficienta-energetica-a-fost-inaugurat-in-satul-festelita-cu-suportul-uniunii-europene\\\/\"},\"author\":{\"name\":\"Antonela Baractari\",\"@id\":\"https:\\\/\\\/eu4moldova.eu\\\/#\\\/schema\\\/person\\\/ade3180828b9a93748c9d037269b2a3d\"},\"headline\":\"The first Centre of Excellence in energy efficiency was inaugurated in Fe\u0219teli\u021ba with the support of the European Union\",\"datePublished\":\"2021-12-10T12:01:26+00:00\",\"dateModified\":\"2022-01-31T23:53:43+00:00\",\"mainEntityOfPage\":{\"@id\":\"https:\\\/\\\/eu4moldova.eu\\\/primul-centru-de-excelenta-in-eficienta-energetica-a-fost-inaugurat-in-satul-festelita-cu-suportul-uniunii-europene\\\/\"},\"wordCount\":914,\"publisher\":{\"@id\":\"https:\\\/\\\/eu4moldova.eu\\\/#organization\"},\"image\":{\"@id\":\"https:\\\/\\\/eu4moldova.eu\\\/primul-centru-de-excelenta-in-eficienta-energetica-a-fost-inaugurat-in-satul-festelita-cu-suportul-uniunii-europene\\\/#primaryimage\"},\"thumbnailUrl\":\"https:\\\/\\\/eu4moldova.eu\\\/wp-content\\\/uploads\\\/image119-2.jpg\",\"articleSection\":[\"News\"],\"inLanguage\":\"en-US\"},{\"@type\":\"WebPage\",\"@id\":\"https:\\\/\\\/eu4moldova.eu\\\/primul-centru-de-excelenta-in-eficienta-energetica-a-fost-inaugurat-in-satul-festelita-cu-suportul-uniunii-europene\\\/\",\"url\":\"https:\\\/\\\/eu4moldova.eu\\\/primul-centru-de-excelenta-in-eficienta-energetica-a-fost-inaugurat-in-satul-festelita-cu-suportul-uniunii-europene\\\/\",\"name\":\"The first Centre of Excellence in energy efficiency was inaugurated in Fe\u0219teli\u021ba with the support of the European Union - EU for Moldova\",\"isPartOf\":{\"@id\":\"https:\\\/\\\/eu4moldova.eu\\\/#website\"},\"primaryImageOfPage\":{\"@id\":\"https:\\\/\\\/eu4moldova.eu\\\/primul-centru-de-excelenta-in-eficienta-energetica-a-fost-inaugurat-in-satul-festelita-cu-suportul-uniunii-europene\\\/#primaryimage\"},\"image\":{\"@id\":\"https:\\\/\\\/eu4moldova.eu\\\/primul-centru-de-excelenta-in-eficienta-energetica-a-fost-inaugurat-in-satul-festelita-cu-suportul-uniunii-europene\\\/#primaryimage\"},\"thumbnailUrl\":\"https:\\\/\\\/eu4moldova.eu\\\/wp-content\\\/uploads\\\/image119-2.jpg\",\"datePublished\":\"2021-12-10T12:01:26+00:00\",\"dateModified\":\"2022-01-31T23:53:43+00:00\",\"breadcrumb\":{\"@id\":\"https:\\\/\\\/eu4moldova.eu\\\/primul-centru-de-excelenta-in-eficienta-energetica-a-fost-inaugurat-in-satul-festelita-cu-suportul-uniunii-europene\\\/#breadcrumb\"},\"inLanguage\":\"en-US\",\"potentialAction\":[{\"@type\":\"ReadAction\",\"target\":[\"https:\\\/\\\/eu4moldova.eu\\\/primul-centru-de-excelenta-in-eficienta-energetica-a-fost-inaugurat-in-satul-festelita-cu-suportul-uniunii-europene\\\/\"]}]},{\"@type\":\"ImageObject\",\"inLanguage\":\"en-US\",\"@id\":\"https:\\\/\\\/eu4moldova.eu\\\/primul-centru-de-excelenta-in-eficienta-energetica-a-fost-inaugurat-in-satul-festelita-cu-suportul-uniunii-europene\\\/#primaryimage\",\"url\":\"https:\\\/\\\/eu4moldova.eu\\\/wp-content\\\/uploads\\\/image119-2.jpg\",\"contentUrl\":\"https:\\\/\\\/eu4moldova.eu\\\/wp-content\\\/uploads\\\/image119-2.jpg\",\"width\":1429,\"height\":1073},{\"@type\":\"BreadcrumbList\",\"@id\":\"https:\\\/\\\/eu4moldova.eu\\\/primul-centru-de-excelenta-in-eficienta-energetica-a-fost-inaugurat-in-satul-festelita-cu-suportul-uniunii-europene\\\/#breadcrumb\",\"itemListElement\":[{\"@type\":\"ListItem\",\"position\":1,\"name\":\"Home\",\"item\":\"https:\\\/\\\/eu4moldova.eu\\\/en\\\/\"},{\"@type\":\"ListItem\",\"position\":2,\"name\":\"The first Centre of Excellence in energy efficiency was inaugurated in Fe\u0219teli\u021ba with the support of the European Union\"}]},{\"@type\":\"WebSite\",\"@id\":\"https:\\\/\\\/eu4moldova.eu\\\/#website\",\"url\":\"https:\\\/\\\/eu4moldova.eu\\\/\",\"name\":\"EU for Moldova\",\"description\":\"European Union for the Republic of Moldova\",\"publisher\":{\"@id\":\"https:\\\/\\\/eu4moldova.eu\\\/#organization\"},\"potentialAction\":[{\"@type\":\"SearchAction\",\"target\":{\"@type\":\"EntryPoint\",\"urlTemplate\":\"https:\\\/\\\/eu4moldova.eu\\\/?s={search_term_string}\"},\"query-input\":{\"@type\":\"PropertyValueSpecification\",\"valueRequired\":true,\"valueName\":\"search_term_string\"}}],\"inLanguage\":\"en-US\"},{\"@type\":\"Organization\",\"@id\":\"https:\\\/\\\/eu4moldova.eu\\\/#organization\",\"name\":\"European Union in the Republic of Moldova\",\"url\":\"https:\\\/\\\/eu4moldova.eu\\\/\",\"logo\":{\"@type\":\"ImageObject\",\"inLanguage\":\"en-US\",\"@id\":\"https:\\\/\\\/eu4moldova.eu\\\/#\\\/schema\\\/logo\\\/image\\\/\",\"url\":\"https:\\\/\\\/eu4moldova.eu\\\/wp-content\\\/uploads\\\/eu-moldova-logo-1.png\",\"contentUrl\":\"https:\\\/\\\/eu4moldova.eu\\\/wp-content\\\/uploads\\\/eu-moldova-logo-1.png\",\"width\":5057,\"height\":870,\"caption\":\"European Union in the Republic of Moldova\"},\"image\":{\"@id\":\"https:\\\/\\\/eu4moldova.eu\\\/#\\\/schema\\\/logo\\\/image\\\/\"},\"sameAs\":[\"https:\\\/\\\/www.facebook.com\\\/EUDelegationMoldova\\\/\",\"https:\\\/\\\/x.com\\\/euinmoldova\",\"https:\\\/\\\/www.instagram.com\\\/euinmoldova\",\"https:\\\/\\\/www.youtube.com\\\/c\\\/EUDelegationMoldova\"]},{\"@type\":\"Person\",\"@id\":\"https:\\\/\\\/eu4moldova.eu\\\/#\\\/schema\\\/person\\\/ade3180828b9a93748c9d037269b2a3d\",\"name\":\"Antonela Baractari\",\"image\":{\"@type\":\"ImageObject\",\"inLanguage\":\"en-US\",\"@id\":\"https:\\\/\\\/secure.gravatar.com\\\/avatar\\\/b06066804dda2e0ae16f7f7e572eef4d40d878043fff8cd8ba76d883217c3b17?s=96&d=mm&r=g\",\"url\":\"https:\\\/\\\/secure.gravatar.com\\\/avatar\\\/b06066804dda2e0ae16f7f7e572eef4d40d878043fff8cd8ba76d883217c3b17?s=96&d=mm&r=g\",\"contentUrl\":\"https:\\\/\\\/secure.gravatar.com\\\/avatar\\\/b06066804dda2e0ae16f7f7e572eef4d40d878043fff8cd8ba76d883217c3b17?s=96&d=mm&r=g\",\"caption\":\"Antonela Baractari\"},\"url\":\"https:\\\/\\\/eu4moldova.eu\\\/en\\\/author\\\/antonela-baractarieu4moldova-eu\\\/\"}]}<\/script>\n<!-- \/ Yoast SEO plugin. -->","yoast_head_json":{"title":"The first Centre of Excellence in energy efficiency was inaugurated in Fe\u0219teli\u021ba with the support of the European Union - EU for Moldova","robots":{"index":"index","follow":"follow","max-snippet":"max-snippet:-1","max-image-preview":"max-image-preview:large","max-video-preview":"max-video-preview:-1"},"canonical":"https:\/\/eu4moldova.eu\/primul-centru-de-excelenta-in-eficienta-energetica-a-fost-inaugurat-in-satul-festelita-cu-suportul-uniunii-europene\/","og_locale":"en_US","og_type":"article","og_title":"The first Centre of Excellence in energy efficiency was inaugurated in Fe\u0219teli\u021ba with the support of the European Union - EU for Moldova","og_description":"The inauguration event of the Centre of Excellence in Energy Efficiency within the project \u201cCreating the centre of excellence in energy efficiency by piloting new technologies for demonstrating renewable energy sources in the village of Fe\u0219teli\u021ba\u201d took place on 13 October 2021 in the context of European Climate Diplomacy Week and European Sustainable Energy Week [&hellip;]","og_url":"https:\/\/eu4moldova.eu\/primul-centru-de-excelenta-in-eficienta-energetica-a-fost-inaugurat-in-satul-festelita-cu-suportul-uniunii-europene\/","og_site_name":"EU for Moldova","article_publisher":"https:\/\/www.facebook.com\/EUDelegationMoldova\/","article_published_time":"2021-12-10T12:01:26+00:00","article_modified_time":"2022-01-31T23:53:43+00:00","og_image":[{"width":1429,"height":1073,"url":"https:\/\/eu4moldova.eu\/wp-content\/uploads\/image119-2.jpg","type":"image\/jpeg"}],"author":"Antonela Baractari","twitter_card":"summary_large_image","twitter_creator":"@euinmoldova","twitter_site":"@euinmoldova","twitter_misc":{"Written by":"Antonela Baractari","Est. reading time":"5 minutes"},"schema":{"@context":"https:\/\/schema.org","@graph":[{"@type":"Article","@id":"https:\/\/eu4moldova.eu\/primul-centru-de-excelenta-in-eficienta-energetica-a-fost-inaugurat-in-satul-festelita-cu-suportul-uniunii-europene\/#article","isPartOf":{"@id":"https:\/\/eu4moldova.eu\/primul-centru-de-excelenta-in-eficienta-energetica-a-fost-inaugurat-in-satul-festelita-cu-suportul-uniunii-europene\/"},"author":{"name":"Antonela Baractari","@id":"https:\/\/eu4moldova.eu\/#\/schema\/person\/ade3180828b9a93748c9d037269b2a3d"},"headline":"The first Centre of Excellence in energy efficiency was inaugurated in Fe\u0219teli\u021ba with the support of the European Union","datePublished":"2021-12-10T12:01:26+00:00","dateModified":"2022-01-31T23:53:43+00:00","mainEntityOfPage":{"@id":"https:\/\/eu4moldova.eu\/primul-centru-de-excelenta-in-eficienta-energetica-a-fost-inaugurat-in-satul-festelita-cu-suportul-uniunii-europene\/"},"wordCount":914,"publisher":{"@id":"https:\/\/eu4moldova.eu\/#organization"},"image":{"@id":"https:\/\/eu4moldova.eu\/primul-centru-de-excelenta-in-eficienta-energetica-a-fost-inaugurat-in-satul-festelita-cu-suportul-uniunii-europene\/#primaryimage"},"thumbnailUrl":"https:\/\/eu4moldova.eu\/wp-content\/uploads\/image119-2.jpg","articleSection":["News"],"inLanguage":"en-US"},{"@type":"WebPage","@id":"https:\/\/eu4moldova.eu\/primul-centru-de-excelenta-in-eficienta-energetica-a-fost-inaugurat-in-satul-festelita-cu-suportul-uniunii-europene\/","url":"https:\/\/eu4moldova.eu\/primul-centru-de-excelenta-in-eficienta-energetica-a-fost-inaugurat-in-satul-festelita-cu-suportul-uniunii-europene\/","name":"The first Centre of Excellence in energy efficiency was inaugurated in Fe\u0219teli\u021ba with the support of the European Union - EU for Moldova","isPartOf":{"@id":"https:\/\/eu4moldova.eu\/#website"},"primaryImageOfPage":{"@id":"https:\/\/eu4moldova.eu\/primul-centru-de-excelenta-in-eficienta-energetica-a-fost-inaugurat-in-satul-festelita-cu-suportul-uniunii-europene\/#primaryimage"},"image":{"@id":"https:\/\/eu4moldova.eu\/primul-centru-de-excelenta-in-eficienta-energetica-a-fost-inaugurat-in-satul-festelita-cu-suportul-uniunii-europene\/#primaryimage"},"thumbnailUrl":"https:\/\/eu4moldova.eu\/wp-content\/uploads\/image119-2.jpg","datePublished":"2021-12-10T12:01:26+00:00","dateModified":"2022-01-31T23:53:43+00:00","breadcrumb":{"@id":"https:\/\/eu4moldova.eu\/primul-centru-de-excelenta-in-eficienta-energetica-a-fost-inaugurat-in-satul-festelita-cu-suportul-uniunii-europene\/#breadcrumb"},"inLanguage":"en-US","potentialAction":[{"@type":"ReadAction","target":["https:\/\/eu4moldova.eu\/primul-centru-de-excelenta-in-eficienta-energetica-a-fost-inaugurat-in-satul-festelita-cu-suportul-uniunii-europene\/"]}]},{"@type":"ImageObject","inLanguage":"en-US","@id":"https:\/\/eu4moldova.eu\/primul-centru-de-excelenta-in-eficienta-energetica-a-fost-inaugurat-in-satul-festelita-cu-suportul-uniunii-europene\/#primaryimage","url":"https:\/\/eu4moldova.eu\/wp-content\/uploads\/image119-2.jpg","contentUrl":"https:\/\/eu4moldova.eu\/wp-content\/uploads\/image119-2.jpg","width":1429,"height":1073},{"@type":"BreadcrumbList","@id":"https:\/\/eu4moldova.eu\/primul-centru-de-excelenta-in-eficienta-energetica-a-fost-inaugurat-in-satul-festelita-cu-suportul-uniunii-europene\/#breadcrumb","itemListElement":[{"@type":"ListItem","position":1,"name":"Home","item":"https:\/\/eu4moldova.eu\/en\/"},{"@type":"ListItem","position":2,"name":"The first Centre of Excellence in energy efficiency was inaugurated in Fe\u0219teli\u021ba with the support of the European Union"}]},{"@type":"WebSite","@id":"https:\/\/eu4moldova.eu\/#website","url":"https:\/\/eu4moldova.eu\/","name":"EU for Moldova","description":"European Union for the Republic of Moldova","publisher":{"@id":"https:\/\/eu4moldova.eu\/#organization"},"potentialAction":[{"@type":"SearchAction","target":{"@type":"EntryPoint","urlTemplate":"https:\/\/eu4moldova.eu\/?s={search_term_string}"},"query-input":{"@type":"PropertyValueSpecification","valueRequired":true,"valueName":"search_term_string"}}],"inLanguage":"en-US"},{"@type":"Organization","@id":"https:\/\/eu4moldova.eu\/#organization","name":"European Union in the Republic of Moldova","url":"https:\/\/eu4moldova.eu\/","logo":{"@type":"ImageObject","inLanguage":"en-US","@id":"https:\/\/eu4moldova.eu\/#\/schema\/logo\/image\/","url":"https:\/\/eu4moldova.eu\/wp-content\/uploads\/eu-moldova-logo-1.png","contentUrl":"https:\/\/eu4moldova.eu\/wp-content\/uploads\/eu-moldova-logo-1.png","width":5057,"height":870,"caption":"European Union in the Republic of Moldova"},"image":{"@id":"https:\/\/eu4moldova.eu\/#\/schema\/logo\/image\/"},"sameAs":["https:\/\/www.facebook.com\/EUDelegationMoldova\/","https:\/\/x.com\/euinmoldova","https:\/\/www.instagram.com\/euinmoldova","https:\/\/www.youtube.com\/c\/EUDelegationMoldova"]},{"@type":"Person","@id":"https:\/\/eu4moldova.eu\/#\/schema\/person\/ade3180828b9a93748c9d037269b2a3d","name":"Antonela Baractari","image":{"@type":"ImageObject","inLanguage":"en-US","@id":"https:\/\/secure.gravatar.com\/avatar\/b06066804dda2e0ae16f7f7e572eef4d40d878043fff8cd8ba76d883217c3b17?s=96&d=mm&r=g","url":"https:\/\/secure.gravatar.com\/avatar\/b06066804dda2e0ae16f7f7e572eef4d40d878043fff8cd8ba76d883217c3b17?s=96&d=mm&r=g","contentUrl":"https:\/\/secure.gravatar.com\/avatar\/b06066804dda2e0ae16f7f7e572eef4d40d878043fff8cd8ba76d883217c3b17?s=96&d=mm&r=g","caption":"Antonela Baractari"},"url":"https:\/\/eu4moldova.eu\/en\/author\/antonela-baractarieu4moldova-eu\/"}]}},"_links":{"self":[{"href":"https:\/\/eu4moldova.eu\/en\/wp-json\/wp\/v2\/posts\/80995","targetHints":{"allow":["GET"]}}],"collection":[{"href":"https:\/\/eu4moldova.eu\/en\/wp-json\/wp\/v2\/posts"}],"about":[{"href":"https:\/\/eu4moldova.eu\/en\/wp-json\/wp\/v2\/types\/post"}],"author":[{"embeddable":true,"href":"https:\/\/eu4moldova.eu\/en\/wp-json\/wp\/v2\/users\/35"}],"replies":[{"embeddable":true,"href":"https:\/\/eu4moldova.eu\/en\/wp-json\/wp\/v2\/comments?post=80995"}],"version-history":[{"count":2,"href":"https:\/\/eu4moldova.eu\/en\/wp-json\/wp\/v2\/posts\/80995\/revisions"}],"predecessor-version":[{"id":81002,"href":"https:\/\/eu4moldova.eu\/en\/wp-json\/wp\/v2\/posts\/80995\/revisions\/81002"}],"wp:featuredmedia":[{"embeddable":true,"href":"https:\/\/eu4moldova.eu\/en\/wp-json\/wp\/v2\/media\/80992"}],"wp:attachment":[{"href":"https:\/\/eu4moldova.eu\/en\/wp-json\/wp\/v2\/media?parent=80995"}],"wp:term":[{"taxonomy":"category","embeddable":true,"href":"https:\/\/eu4moldova.eu\/en\/wp-json\/wp\/v2\/categories?post=80995"},{"taxonomy":"post_tag","embeddable":true,"href":"https:\/\/eu4moldova.eu\/en\/wp-json\/wp\/v2\/tags?post=80995"},{"taxonomy":"topics","embeddable":true,"href":"https:\/\/eu4moldova.eu\/en\/wp-json\/wp\/v2\/topics?post=80995"}],"curies":[{"name":"wp","href":"https:\/\/api.w.org\/{rel}","templated":true}]}}