{"id":99298,"date":"2020-07-29T00:00:00","date_gmt":"2020-07-28T21:00:00","guid":{"rendered":"https:\/\/eu4moldova.eu\/v-svjazi-s-koronavirusom-finansirovan\/"},"modified":"2022-10-31T18:35:56","modified_gmt":"2022-10-31T16:35:56","slug":"v-svjazi-s-koronavirusom-finansirovan","status":"publish","type":"post","link":"https:\/\/eu4moldova.eu\/ru\/v-svjazi-s-koronavirusom-finansirovan\/","title":{"rendered":"\u0412 \u0441\u0432\u044f\u0437\u0438 \u0441 \u043a\u043e\u0440\u043e\u043d\u0430\u0432\u0438\u0440\u0443\u0441\u043e\u043c \u0444\u0438\u043d\u0430\u043d\u0441\u0438\u0440\u043e\u0432\u0430\u043d\u0438\u0435 \u0441\u0430\u0434\u043e\u0432\u043e\u0434\u0441\u0442\u0432\u0430 \u043d\u0435 \u043f\u0440\u0435\u0440\u044b\u0432\u0430\u0435\u0442\u0441\u044f"},"content":{"rendered":"\n<p><span style=\"color: #000080;\">The coronavirus pandemic has brought about a global standstill becoming one of the biggest challenges since World War II. The news about the market for products from horticulture are contradictory: Apples sales increased during the crisis, but international fruit trade will probably be reduced this year. How will this situation impact on farmers\u2019 long-term investment decisions?<\/span><\/p>\n<p>Liviu Burcovschi, a 55-year old farmer from the north of Moldova, made up his own opinion: He is one of those who decided to continue the investments into his family farm \u2013 even after Moldova went into lockdown. Through its project \u201cFruit Garden of Moldova\u201d, the EU helped him to access financing to mechanise some of the work in the orchard in order to increase labour productivity. Liviu compiled an investment project worth about 36,000 EUR of which he financed half from his own resources. For the other half, he chose a loan from his bank in local currency, which is being financed from resources of the European Investment Bank (EIB) and comes with preferential terms. EIB approved Liviu\u2019s project in April 2020, just in the midst of the coronavirus crisis.<\/p>\n<p><img loading=\"lazy\" decoding=\"async\" class=\"alignright size-medium wp-image-2798\" src=\"https:\/\/eu4moldova.eu\/wp-content\/uploads\/2022\/10\/p37-1-300x190.jpg\" alt=\"BEI finan\u021beaz\u0103 utilaje mici pentru horticultur\u0103 pentru a ajuta fermierii s\u0103 creasc\u0103 productivitatea muncii, Foto- Musyuk 2020\" width=\"300\" height=\"190\" \/>Eleven years ago, Liviu had planted his first apple orchard on land inherited from his parents in his native village. He was a fruit trader until 2016, but then decided to officially register a peasant farm to turn a side-activity into a real family business specialised in growing tree fruits. Now the peasant farm in Ocnita District has 9.7 ha of apple and 1.9 ha of cherry orchards. A year ago, Liviu moved from Chisinau back to his native village of Sauca. It was a move for good together with his family. Liviu is thankful that his two grandchildren also moved and he is sure that they will be the ones who will follow the path of their grandfather.<\/p>\n<p><img loading=\"lazy\" decoding=\"async\" class=\"alignright size-medium wp-image-2803\" src=\"https:\/\/eu4moldova.eu\/wp-content\/uploads\/2022\/10\/p37-2-1-300x190.jpg\" alt=\"Liviu managed to maintain his orchards despite corona, Photo - Musyuk 2020\" width=\"300\" height=\"190\" \/>This investment has helped to create two permanent jobs for field operations, the first ones in his farm as until now he only employed 15 seasonal workers during harvest.<\/p>\n<p>And this is not an isolated case. During the corona-induced state of emergency in Moldova from mid-March to mid-May, 21 farmers and small entrepreneurs applied for loans from the EIB Fruit-Garden-of-Moldova credit line, which is 40% more than during the same period of 2019. By now, over 130 loans of altogether nearly 35\u00a0million\u00a0EUR have been allocated in the frame of the Fruit-Garden-of-Moldova credit line.<\/p>\n","protected":false},"excerpt":{"rendered":"","protected":false},"author":29,"featured_media":97604,"comment_status":"closed","ping_status":"closed","sticky":false,"template":"","format":"standard","meta":{"_acf_changed":false,"footnotes":""},"categories":[1576],"tags":[],"topics":[],"class_list":["post-99298","post","type-post","status-publish","format-standard","has-post-thumbnail","hentry","category-bez-kategorii"],"acf":{"event_start_date":null,"event_end_date":null},"yoast_head":"<!-- This site is optimized with the Yoast SEO plugin v27.4 - https:\/\/yoast.com\/product\/yoast-seo-wordpress\/ -->\n<title>\u0412 \u0441\u0432\u044f\u0437\u0438 \u0441 \u043a\u043e\u0440\u043e\u043d\u0430\u0432\u0438\u0440\u0443\u0441\u043e\u043c \u0444\u0438\u043d\u0430\u043d\u0441\u0438\u0440\u043e\u0432\u0430\u043d\u0438\u0435 \u0441\u0430\u0434\u043e\u0432\u043e\u0434\u0441\u0442\u0432\u0430 \u043d\u0435 \u043f\u0440\u0435\u0440\u044b\u0432\u0430\u0435\u0442\u0441\u044f - EU for Moldova<\/title>\n<meta name=\"robots\" content=\"index, follow, max-snippet:-1, max-image-preview:large, max-video-preview:-1\" \/>\n<link rel=\"canonical\" href=\"https:\/\/eu4moldova.eu\/ru\/v-svjazi-s-koronavirusom-finansirovan\/\" \/>\n<meta property=\"og:locale\" content=\"ru_RU\" \/>\n<meta property=\"og:type\" content=\"article\" \/>\n<meta property=\"og:title\" content=\"\u0412 \u0441\u0432\u044f\u0437\u0438 \u0441 \u043a\u043e\u0440\u043e\u043d\u0430\u0432\u0438\u0440\u0443\u0441\u043e\u043c \u0444\u0438\u043d\u0430\u043d\u0441\u0438\u0440\u043e\u0432\u0430\u043d\u0438\u0435 \u0441\u0430\u0434\u043e\u0432\u043e\u0434\u0441\u0442\u0432\u0430 \u043d\u0435 \u043f\u0440\u0435\u0440\u044b\u0432\u0430\u0435\u0442\u0441\u044f - EU for Moldova\" \/>\n<meta property=\"og:url\" content=\"https:\/\/eu4moldova.eu\/ru\/v-svjazi-s-koronavirusom-finansirovan\/\" \/>\n<meta property=\"og:site_name\" content=\"EU for Moldova\" \/>\n<meta property=\"article:publisher\" content=\"https:\/\/www.facebook.com\/EUDelegationMoldova\/\" \/>\n<meta property=\"article:published_time\" content=\"2020-07-28T21:00:00+00:00\" \/>\n<meta property=\"article:modified_time\" content=\"2022-10-31T16:35:56+00:00\" \/>\n<meta property=\"og:image\" content=\"https:\/\/eu4moldova.eu\/wp-content\/uploads\/2022\/10\/p36.jpg\" \/>\n\t<meta property=\"og:image:width\" content=\"2067\" \/>\n\t<meta property=\"og:image:height\" content=\"1229\" \/>\n\t<meta property=\"og:image:type\" content=\"image\/jpeg\" \/>\n<meta name=\"author\" content=\"Isabelle Jensen\" \/>\n<meta name=\"twitter:card\" content=\"summary_large_image\" \/>\n<meta name=\"twitter:creator\" content=\"@euinmoldova\" \/>\n<meta name=\"twitter:site\" content=\"@euinmoldova\" \/>\n<meta name=\"twitter:label1\" content=\"\u041d\u0430\u043f\u0438\u0441\u0430\u043d\u043e \u0430\u0432\u0442\u043e\u0440\u043e\u043c\" \/>\n\t<meta name=\"twitter:data1\" content=\"Isabelle Jensen\" \/>\n\t<meta name=\"twitter:label2\" content=\"\u041f\u0440\u0438\u043c\u0435\u0440\u043d\u043e\u0435 \u0432\u0440\u0435\u043c\u044f \u0434\u043b\u044f \u0447\u0442\u0435\u043d\u0438\u044f\" \/>\n\t<meta name=\"twitter:data2\" content=\"2 \u043c\u0438\u043d\u0443\u0442\u044b\" \/>\n<script type=\"application\/ld+json\" class=\"yoast-schema-graph\">{\"@context\":\"https:\\\/\\\/schema.org\",\"@graph\":[{\"@type\":\"Article\",\"@id\":\"https:\\\/\\\/eu4moldova.eu\\\/ru\\\/v-svjazi-s-koronavirusom-finansirovan\\\/#article\",\"isPartOf\":{\"@id\":\"https:\\\/\\\/eu4moldova.eu\\\/ru\\\/v-svjazi-s-koronavirusom-finansirovan\\\/\"},\"author\":{\"name\":\"Isabelle Jensen\",\"@id\":\"https:\\\/\\\/eu4moldova.eu\\\/#\\\/schema\\\/person\\\/16cf6544ef640d679d8553875360e6a1\"},\"headline\":\"\u0412 \u0441\u0432\u044f\u0437\u0438 \u0441 \u043a\u043e\u0440\u043e\u043d\u0430\u0432\u0438\u0440\u0443\u0441\u043e\u043c \u0444\u0438\u043d\u0430\u043d\u0441\u0438\u0440\u043e\u0432\u0430\u043d\u0438\u0435 \u0441\u0430\u0434\u043e\u0432\u043e\u0434\u0441\u0442\u0432\u0430 \u043d\u0435 \u043f\u0440\u0435\u0440\u044b\u0432\u0430\u0435\u0442\u0441\u044f\",\"datePublished\":\"2020-07-28T21:00:00+00:00\",\"dateModified\":\"2022-10-31T16:35:56+00:00\",\"mainEntityOfPage\":{\"@id\":\"https:\\\/\\\/eu4moldova.eu\\\/ru\\\/v-svjazi-s-koronavirusom-finansirovan\\\/\"},\"wordCount\":398,\"publisher\":{\"@id\":\"https:\\\/\\\/eu4moldova.eu\\\/#organization\"},\"image\":{\"@id\":\"https:\\\/\\\/eu4moldova.eu\\\/ru\\\/v-svjazi-s-koronavirusom-finansirovan\\\/#primaryimage\"},\"thumbnailUrl\":\"https:\\\/\\\/eu4moldova.eu\\\/wp-content\\\/uploads\\\/2022\\\/10\\\/p36.jpg\",\"articleSection\":[\"\u0411\u0435\u0437 \u043a\u0430\u0442\u0435\u0433\u043e\u0440\u0438\u0438\"],\"inLanguage\":\"ru-RU\"},{\"@type\":\"WebPage\",\"@id\":\"https:\\\/\\\/eu4moldova.eu\\\/ru\\\/v-svjazi-s-koronavirusom-finansirovan\\\/\",\"url\":\"https:\\\/\\\/eu4moldova.eu\\\/ru\\\/v-svjazi-s-koronavirusom-finansirovan\\\/\",\"name\":\"\u0412 \u0441\u0432\u044f\u0437\u0438 \u0441 \u043a\u043e\u0440\u043e\u043d\u0430\u0432\u0438\u0440\u0443\u0441\u043e\u043c \u0444\u0438\u043d\u0430\u043d\u0441\u0438\u0440\u043e\u0432\u0430\u043d\u0438\u0435 \u0441\u0430\u0434\u043e\u0432\u043e\u0434\u0441\u0442\u0432\u0430 \u043d\u0435 \u043f\u0440\u0435\u0440\u044b\u0432\u0430\u0435\u0442\u0441\u044f - EU for Moldova\",\"isPartOf\":{\"@id\":\"https:\\\/\\\/eu4moldova.eu\\\/#website\"},\"primaryImageOfPage\":{\"@id\":\"https:\\\/\\\/eu4moldova.eu\\\/ru\\\/v-svjazi-s-koronavirusom-finansirovan\\\/#primaryimage\"},\"image\":{\"@id\":\"https:\\\/\\\/eu4moldova.eu\\\/ru\\\/v-svjazi-s-koronavirusom-finansirovan\\\/#primaryimage\"},\"thumbnailUrl\":\"https:\\\/\\\/eu4moldova.eu\\\/wp-content\\\/uploads\\\/2022\\\/10\\\/p36.jpg\",\"datePublished\":\"2020-07-28T21:00:00+00:00\",\"dateModified\":\"2022-10-31T16:35:56+00:00\",\"breadcrumb\":{\"@id\":\"https:\\\/\\\/eu4moldova.eu\\\/ru\\\/v-svjazi-s-koronavirusom-finansirovan\\\/#breadcrumb\"},\"inLanguage\":\"ru-RU\",\"potentialAction\":[{\"@type\":\"ReadAction\",\"target\":[\"https:\\\/\\\/eu4moldova.eu\\\/ru\\\/v-svjazi-s-koronavirusom-finansirovan\\\/\"]}]},{\"@type\":\"ImageObject\",\"inLanguage\":\"ru-RU\",\"@id\":\"https:\\\/\\\/eu4moldova.eu\\\/ru\\\/v-svjazi-s-koronavirusom-finansirovan\\\/#primaryimage\",\"url\":\"https:\\\/\\\/eu4moldova.eu\\\/wp-content\\\/uploads\\\/2022\\\/10\\\/p36.jpg\",\"contentUrl\":\"https:\\\/\\\/eu4moldova.eu\\\/wp-content\\\/uploads\\\/2022\\\/10\\\/p36.jpg\",\"width\":2067,\"height\":1229},{\"@type\":\"BreadcrumbList\",\"@id\":\"https:\\\/\\\/eu4moldova.eu\\\/ru\\\/v-svjazi-s-koronavirusom-finansirovan\\\/#breadcrumb\",\"itemListElement\":[{\"@type\":\"ListItem\",\"position\":1,\"name\":\"Home\",\"item\":\"https:\\\/\\\/eu4moldova.eu\\\/ru\\\/\"},{\"@type\":\"ListItem\",\"position\":2,\"name\":\"\u0412 \u0441\u0432\u044f\u0437\u0438 \u0441 \u043a\u043e\u0440\u043e\u043d\u0430\u0432\u0438\u0440\u0443\u0441\u043e\u043c \u0444\u0438\u043d\u0430\u043d\u0441\u0438\u0440\u043e\u0432\u0430\u043d\u0438\u0435 \u0441\u0430\u0434\u043e\u0432\u043e\u0434\u0441\u0442\u0432\u0430 \u043d\u0435 \u043f\u0440\u0435\u0440\u044b\u0432\u0430\u0435\u0442\u0441\u044f\"}]},{\"@type\":\"WebSite\",\"@id\":\"https:\\\/\\\/eu4moldova.eu\\\/#website\",\"url\":\"https:\\\/\\\/eu4moldova.eu\\\/\",\"name\":\"EU for Moldova\",\"description\":\"European Union for the Republic of Moldova\",\"publisher\":{\"@id\":\"https:\\\/\\\/eu4moldova.eu\\\/#organization\"},\"potentialAction\":[{\"@type\":\"SearchAction\",\"target\":{\"@type\":\"EntryPoint\",\"urlTemplate\":\"https:\\\/\\\/eu4moldova.eu\\\/?s={search_term_string}\"},\"query-input\":{\"@type\":\"PropertyValueSpecification\",\"valueRequired\":true,\"valueName\":\"search_term_string\"}}],\"inLanguage\":\"ru-RU\"},{\"@type\":\"Organization\",\"@id\":\"https:\\\/\\\/eu4moldova.eu\\\/#organization\",\"name\":\"European Union in the Republic of Moldova\",\"url\":\"https:\\\/\\\/eu4moldova.eu\\\/\",\"logo\":{\"@type\":\"ImageObject\",\"inLanguage\":\"ru-RU\",\"@id\":\"https:\\\/\\\/eu4moldova.eu\\\/#\\\/schema\\\/logo\\\/image\\\/\",\"url\":\"https:\\\/\\\/eu4moldova.eu\\\/wp-content\\\/uploads\\\/eu-moldova-logo-1.png\",\"contentUrl\":\"https:\\\/\\\/eu4moldova.eu\\\/wp-content\\\/uploads\\\/eu-moldova-logo-1.png\",\"width\":5057,\"height\":870,\"caption\":\"European Union in the Republic of Moldova\"},\"image\":{\"@id\":\"https:\\\/\\\/eu4moldova.eu\\\/#\\\/schema\\\/logo\\\/image\\\/\"},\"sameAs\":[\"https:\\\/\\\/www.facebook.com\\\/EUDelegationMoldova\\\/\",\"https:\\\/\\\/x.com\\\/euinmoldova\",\"https:\\\/\\\/www.instagram.com\\\/euinmoldova\",\"https:\\\/\\\/www.youtube.com\\\/c\\\/EUDelegationMoldova\"]},{\"@type\":\"Person\",\"@id\":\"https:\\\/\\\/eu4moldova.eu\\\/#\\\/schema\\\/person\\\/16cf6544ef640d679d8553875360e6a1\",\"name\":\"Isabelle Jensen\",\"image\":{\"@type\":\"ImageObject\",\"inLanguage\":\"ru-RU\",\"@id\":\"https:\\\/\\\/secure.gravatar.com\\\/avatar\\\/e1da4c56a39fbce418c44c52eb292020b67fd3f7810c6c71a0e6642b31ab8887?s=96&d=mm&r=g\",\"url\":\"https:\\\/\\\/secure.gravatar.com\\\/avatar\\\/e1da4c56a39fbce418c44c52eb292020b67fd3f7810c6c71a0e6642b31ab8887?s=96&d=mm&r=g\",\"contentUrl\":\"https:\\\/\\\/secure.gravatar.com\\\/avatar\\\/e1da4c56a39fbce418c44c52eb292020b67fd3f7810c6c71a0e6642b31ab8887?s=96&d=mm&r=g\",\"caption\":\"Isabelle Jensen\"},\"url\":\"https:\\\/\\\/eu4moldova.eu\\\/ru\\\/author\\\/isabelle\\\/\"}]}<\/script>\n<!-- \/ Yoast SEO plugin. -->","yoast_head_json":{"title":"\u0412 \u0441\u0432\u044f\u0437\u0438 \u0441 \u043a\u043e\u0440\u043e\u043d\u0430\u0432\u0438\u0440\u0443\u0441\u043e\u043c \u0444\u0438\u043d\u0430\u043d\u0441\u0438\u0440\u043e\u0432\u0430\u043d\u0438\u0435 \u0441\u0430\u0434\u043e\u0432\u043e\u0434\u0441\u0442\u0432\u0430 \u043d\u0435 \u043f\u0440\u0435\u0440\u044b\u0432\u0430\u0435\u0442\u0441\u044f - EU for Moldova","robots":{"index":"index","follow":"follow","max-snippet":"max-snippet:-1","max-image-preview":"max-image-preview:large","max-video-preview":"max-video-preview:-1"},"canonical":"https:\/\/eu4moldova.eu\/ru\/v-svjazi-s-koronavirusom-finansirovan\/","og_locale":"ru_RU","og_type":"article","og_title":"\u0412 \u0441\u0432\u044f\u0437\u0438 \u0441 \u043a\u043e\u0440\u043e\u043d\u0430\u0432\u0438\u0440\u0443\u0441\u043e\u043c \u0444\u0438\u043d\u0430\u043d\u0441\u0438\u0440\u043e\u0432\u0430\u043d\u0438\u0435 \u0441\u0430\u0434\u043e\u0432\u043e\u0434\u0441\u0442\u0432\u0430 \u043d\u0435 \u043f\u0440\u0435\u0440\u044b\u0432\u0430\u0435\u0442\u0441\u044f - EU for Moldova","og_url":"https:\/\/eu4moldova.eu\/ru\/v-svjazi-s-koronavirusom-finansirovan\/","og_site_name":"EU for Moldova","article_publisher":"https:\/\/www.facebook.com\/EUDelegationMoldova\/","article_published_time":"2020-07-28T21:00:00+00:00","article_modified_time":"2022-10-31T16:35:56+00:00","og_image":[{"width":2067,"height":1229,"url":"https:\/\/eu4moldova.eu\/wp-content\/uploads\/2022\/10\/p36.jpg","type":"image\/jpeg"}],"author":"Isabelle Jensen","twitter_card":"summary_large_image","twitter_creator":"@euinmoldova","twitter_site":"@euinmoldova","twitter_misc":{"\u041d\u0430\u043f\u0438\u0441\u0430\u043d\u043e \u0430\u0432\u0442\u043e\u0440\u043e\u043c":"Isabelle Jensen","\u041f\u0440\u0438\u043c\u0435\u0440\u043d\u043e\u0435 \u0432\u0440\u0435\u043c\u044f \u0434\u043b\u044f \u0447\u0442\u0435\u043d\u0438\u044f":"2 \u043c\u0438\u043d\u0443\u0442\u044b"},"schema":{"@context":"https:\/\/schema.org","@graph":[{"@type":"Article","@id":"https:\/\/eu4moldova.eu\/ru\/v-svjazi-s-koronavirusom-finansirovan\/#article","isPartOf":{"@id":"https:\/\/eu4moldova.eu\/ru\/v-svjazi-s-koronavirusom-finansirovan\/"},"author":{"name":"Isabelle Jensen","@id":"https:\/\/eu4moldova.eu\/#\/schema\/person\/16cf6544ef640d679d8553875360e6a1"},"headline":"\u0412 \u0441\u0432\u044f\u0437\u0438 \u0441 \u043a\u043e\u0440\u043e\u043d\u0430\u0432\u0438\u0440\u0443\u0441\u043e\u043c \u0444\u0438\u043d\u0430\u043d\u0441\u0438\u0440\u043e\u0432\u0430\u043d\u0438\u0435 \u0441\u0430\u0434\u043e\u0432\u043e\u0434\u0441\u0442\u0432\u0430 \u043d\u0435 \u043f\u0440\u0435\u0440\u044b\u0432\u0430\u0435\u0442\u0441\u044f","datePublished":"2020-07-28T21:00:00+00:00","dateModified":"2022-10-31T16:35:56+00:00","mainEntityOfPage":{"@id":"https:\/\/eu4moldova.eu\/ru\/v-svjazi-s-koronavirusom-finansirovan\/"},"wordCount":398,"publisher":{"@id":"https:\/\/eu4moldova.eu\/#organization"},"image":{"@id":"https:\/\/eu4moldova.eu\/ru\/v-svjazi-s-koronavirusom-finansirovan\/#primaryimage"},"thumbnailUrl":"https:\/\/eu4moldova.eu\/wp-content\/uploads\/2022\/10\/p36.jpg","articleSection":["\u0411\u0435\u0437 \u043a\u0430\u0442\u0435\u0433\u043e\u0440\u0438\u0438"],"inLanguage":"ru-RU"},{"@type":"WebPage","@id":"https:\/\/eu4moldova.eu\/ru\/v-svjazi-s-koronavirusom-finansirovan\/","url":"https:\/\/eu4moldova.eu\/ru\/v-svjazi-s-koronavirusom-finansirovan\/","name":"\u0412 \u0441\u0432\u044f\u0437\u0438 \u0441 \u043a\u043e\u0440\u043e\u043d\u0430\u0432\u0438\u0440\u0443\u0441\u043e\u043c \u0444\u0438\u043d\u0430\u043d\u0441\u0438\u0440\u043e\u0432\u0430\u043d\u0438\u0435 \u0441\u0430\u0434\u043e\u0432\u043e\u0434\u0441\u0442\u0432\u0430 \u043d\u0435 \u043f\u0440\u0435\u0440\u044b\u0432\u0430\u0435\u0442\u0441\u044f - EU for Moldova","isPartOf":{"@id":"https:\/\/eu4moldova.eu\/#website"},"primaryImageOfPage":{"@id":"https:\/\/eu4moldova.eu\/ru\/v-svjazi-s-koronavirusom-finansirovan\/#primaryimage"},"image":{"@id":"https:\/\/eu4moldova.eu\/ru\/v-svjazi-s-koronavirusom-finansirovan\/#primaryimage"},"thumbnailUrl":"https:\/\/eu4moldova.eu\/wp-content\/uploads\/2022\/10\/p36.jpg","datePublished":"2020-07-28T21:00:00+00:00","dateModified":"2022-10-31T16:35:56+00:00","breadcrumb":{"@id":"https:\/\/eu4moldova.eu\/ru\/v-svjazi-s-koronavirusom-finansirovan\/#breadcrumb"},"inLanguage":"ru-RU","potentialAction":[{"@type":"ReadAction","target":["https:\/\/eu4moldova.eu\/ru\/v-svjazi-s-koronavirusom-finansirovan\/"]}]},{"@type":"ImageObject","inLanguage":"ru-RU","@id":"https:\/\/eu4moldova.eu\/ru\/v-svjazi-s-koronavirusom-finansirovan\/#primaryimage","url":"https:\/\/eu4moldova.eu\/wp-content\/uploads\/2022\/10\/p36.jpg","contentUrl":"https:\/\/eu4moldova.eu\/wp-content\/uploads\/2022\/10\/p36.jpg","width":2067,"height":1229},{"@type":"BreadcrumbList","@id":"https:\/\/eu4moldova.eu\/ru\/v-svjazi-s-koronavirusom-finansirovan\/#breadcrumb","itemListElement":[{"@type":"ListItem","position":1,"name":"Home","item":"https:\/\/eu4moldova.eu\/ru\/"},{"@type":"ListItem","position":2,"name":"\u0412 \u0441\u0432\u044f\u0437\u0438 \u0441 \u043a\u043e\u0440\u043e\u043d\u0430\u0432\u0438\u0440\u0443\u0441\u043e\u043c \u0444\u0438\u043d\u0430\u043d\u0441\u0438\u0440\u043e\u0432\u0430\u043d\u0438\u0435 \u0441\u0430\u0434\u043e\u0432\u043e\u0434\u0441\u0442\u0432\u0430 \u043d\u0435 \u043f\u0440\u0435\u0440\u044b\u0432\u0430\u0435\u0442\u0441\u044f"}]},{"@type":"WebSite","@id":"https:\/\/eu4moldova.eu\/#website","url":"https:\/\/eu4moldova.eu\/","name":"EU for Moldova","description":"European Union for the Republic of Moldova","publisher":{"@id":"https:\/\/eu4moldova.eu\/#organization"},"potentialAction":[{"@type":"SearchAction","target":{"@type":"EntryPoint","urlTemplate":"https:\/\/eu4moldova.eu\/?s={search_term_string}"},"query-input":{"@type":"PropertyValueSpecification","valueRequired":true,"valueName":"search_term_string"}}],"inLanguage":"ru-RU"},{"@type":"Organization","@id":"https:\/\/eu4moldova.eu\/#organization","name":"European Union in the Republic of Moldova","url":"https:\/\/eu4moldova.eu\/","logo":{"@type":"ImageObject","inLanguage":"ru-RU","@id":"https:\/\/eu4moldova.eu\/#\/schema\/logo\/image\/","url":"https:\/\/eu4moldova.eu\/wp-content\/uploads\/eu-moldova-logo-1.png","contentUrl":"https:\/\/eu4moldova.eu\/wp-content\/uploads\/eu-moldova-logo-1.png","width":5057,"height":870,"caption":"European Union in the Republic of Moldova"},"image":{"@id":"https:\/\/eu4moldova.eu\/#\/schema\/logo\/image\/"},"sameAs":["https:\/\/www.facebook.com\/EUDelegationMoldova\/","https:\/\/x.com\/euinmoldova","https:\/\/www.instagram.com\/euinmoldova","https:\/\/www.youtube.com\/c\/EUDelegationMoldova"]},{"@type":"Person","@id":"https:\/\/eu4moldova.eu\/#\/schema\/person\/16cf6544ef640d679d8553875360e6a1","name":"Isabelle Jensen","image":{"@type":"ImageObject","inLanguage":"ru-RU","@id":"https:\/\/secure.gravatar.com\/avatar\/e1da4c56a39fbce418c44c52eb292020b67fd3f7810c6c71a0e6642b31ab8887?s=96&d=mm&r=g","url":"https:\/\/secure.gravatar.com\/avatar\/e1da4c56a39fbce418c44c52eb292020b67fd3f7810c6c71a0e6642b31ab8887?s=96&d=mm&r=g","contentUrl":"https:\/\/secure.gravatar.com\/avatar\/e1da4c56a39fbce418c44c52eb292020b67fd3f7810c6c71a0e6642b31ab8887?s=96&d=mm&r=g","caption":"Isabelle Jensen"},"url":"https:\/\/eu4moldova.eu\/ru\/author\/isabelle\/"}]}},"_links":{"self":[{"href":"https:\/\/eu4moldova.eu\/ru\/wp-json\/wp\/v2\/posts\/99298","targetHints":{"allow":["GET"]}}],"collection":[{"href":"https:\/\/eu4moldova.eu\/ru\/wp-json\/wp\/v2\/posts"}],"about":[{"href":"https:\/\/eu4moldova.eu\/ru\/wp-json\/wp\/v2\/types\/post"}],"author":[{"embeddable":true,"href":"https:\/\/eu4moldova.eu\/ru\/wp-json\/wp\/v2\/users\/29"}],"replies":[{"embeddable":true,"href":"https:\/\/eu4moldova.eu\/ru\/wp-json\/wp\/v2\/comments?post=99298"}],"version-history":[{"count":3,"href":"https:\/\/eu4moldova.eu\/ru\/wp-json\/wp\/v2\/posts\/99298\/revisions"}],"predecessor-version":[{"id":101538,"href":"https:\/\/eu4moldova.eu\/ru\/wp-json\/wp\/v2\/posts\/99298\/revisions\/101538"}],"wp:featuredmedia":[{"embeddable":true,"href":"https:\/\/eu4moldova.eu\/ru\/wp-json\/wp\/v2\/media\/97604"}],"wp:attachment":[{"href":"https:\/\/eu4moldova.eu\/ru\/wp-json\/wp\/v2\/media?parent=99298"}],"wp:term":[{"taxonomy":"category","embeddable":true,"href":"https:\/\/eu4moldova.eu\/ru\/wp-json\/wp\/v2\/categories?post=99298"},{"taxonomy":"post_tag","embeddable":true,"href":"https:\/\/eu4moldova.eu\/ru\/wp-json\/wp\/v2\/tags?post=99298"},{"taxonomy":"topics","embeddable":true,"href":"https:\/\/eu4moldova.eu\/ru\/wp-json\/wp\/v2\/topics?post=99298"}],"curies":[{"name":"wp","href":"https:\/\/api.w.org\/{rel}","templated":true}]}}